{"id":3905,"date":"2023-06-30T09:07:35","date_gmt":"2023-06-30T09:07:35","guid":{"rendered":"https:\/\/nmmh.clinic\/en\/news\/26-avril-2015-seisme-au-nepal\/"},"modified":"2023-10-20T13:40:38","modified_gmt":"2023-10-20T13:40:38","slug":"26-avril-2015-seisme-au-nepal","status":"publish","type":"post","link":"https:\/\/nmmh.clinic\/en\/news\/26-avril-2015-seisme-au-nepal\/","title":{"rendered":"26 AVRIL 2015 &#8211; S\u00c9ISME AU N\u00c9PAL"},"content":{"rendered":"<p>Rentr\u00e9 du N\u00e9pal le 21 avril, je suis pr\u00eat \u00e0 repartir d\u00e8s que la situation sera plus claire, dans le but d\u2019atteindre ces r\u00e9gions recul\u00e9es o\u00f9 la demande de soins sera \u00e9norme. Je vous sollicite vivement \u00e0 faire un don.<\/p>\n","protected":false},"excerpt":{"rendered":"<p>Rentr\u00e9 du N\u00e9pal le 21 avril, je suis pr\u00eat \u00e0 repartir d\u00e8s que la situation sera plus claire, dans le but d\u2019atteindre ces r\u00e9gions recul\u00e9es o\u00f9 la demande de soins sera \u00e9norme. Je vous sollicite vivement \u00e0 faire un don.<\/p>\n","protected":false},"author":1,"featured_media":0,"comment_status":"closed","ping_status":"open","sticky":false,"template":"","format":"standard","meta":{"footnotes":""},"categories":[9],"tags":[],"class_list":["post-3905","post","type-post","status-publish","format-standard","hentry","category-hm"],"acf":[],"yoast_head":"<!-- This site is optimized with the Yoast SEO plugin v23.4 - https:\/\/yoast.com\/wordpress\/plugins\/seo\/ -->\n<title>26 AVRIL 2015 - S\u00c9ISME AU N\u00c9PAL - Nepal Mountain Mobile Hospital<\/title>\n<meta name=\"robots\" content=\"index, follow, max-snippet:-1, max-image-preview:large, max-video-preview:-1\" \/>\n<link rel=\"canonical\" href=\"https:\/\/nmmh.clinic\/en\/news\/26-avril-2015-seisme-au-nepal\/\" \/>\n<meta property=\"og:locale\" content=\"en_US\" \/>\n<meta property=\"og:type\" content=\"article\" \/>\n<meta property=\"og:title\" content=\"26 AVRIL 2015 - S\u00c9ISME AU N\u00c9PAL - Nepal Mountain Mobile Hospital\" \/>\n<meta property=\"og:description\" content=\"Rentr\u00e9 du N\u00e9pal le 21 avril, je suis pr\u00eat \u00e0 repartir d\u00e8s que la situation sera plus claire, dans le but d\u2019atteindre ces r\u00e9gions recul\u00e9es o\u00f9 la demande de soins sera \u00e9norme. Je vous sollicite vivement \u00e0 faire un don.\" \/>\n<meta property=\"og:url\" content=\"https:\/\/nmmh.clinic\/en\/news\/26-avril-2015-seisme-au-nepal\/\" \/>\n<meta property=\"og:site_name\" content=\"Nepal Mountain Mobile Hospital\" \/>\n<meta property=\"article:published_time\" content=\"2023-06-30T09:07:35+00:00\" \/>\n<meta property=\"article:modified_time\" content=\"2023-10-20T13:40:38+00:00\" \/>\n<meta name=\"author\" content=\"digvis\" \/>\n<meta name=\"twitter:card\" content=\"summary_large_image\" \/>\n<meta name=\"twitter:label1\" content=\"Written by\" \/>\n\t<meta name=\"twitter:data1\" content=\"digvis\" \/>\n\t<meta name=\"twitter:label2\" content=\"Est. reading time\" \/>\n\t<meta name=\"twitter:data2\" content=\"1 minute\" \/>\n<script type=\"application\/ld+json\" class=\"yoast-schema-graph\">{\"@context\":\"https:\/\/schema.org\",\"@graph\":[{\"@type\":\"Article\",\"@id\":\"https:\/\/nmmh.clinic\/en\/news\/26-avril-2015-seisme-au-nepal\/#article\",\"isPartOf\":{\"@id\":\"https:\/\/nmmh.clinic\/en\/news\/26-avril-2015-seisme-au-nepal\/\"},\"author\":{\"name\":\"digvis\",\"@id\":\"https:\/\/nmmh.clinic\/en\/#\/schema\/person\/29f83a4289e2521ac7c096a28f980ea0\"},\"headline\":\"26 AVRIL 2015 &#8211; S\u00c9ISME AU N\u00c9PAL\",\"datePublished\":\"2023-06-30T09:07:35+00:00\",\"dateModified\":\"2023-10-20T13:40:38+00:00\",\"mainEntityOfPage\":{\"@id\":\"https:\/\/nmmh.clinic\/en\/news\/26-avril-2015-seisme-au-nepal\/\"},\"wordCount\":50,\"publisher\":{\"@id\":\"https:\/\/nmmh.clinic\/en\/#organization\"},\"articleSection\":[\"Mobile hospital\"],\"inLanguage\":\"en-US\"},{\"@type\":\"WebPage\",\"@id\":\"https:\/\/nmmh.clinic\/en\/news\/26-avril-2015-seisme-au-nepal\/\",\"url\":\"https:\/\/nmmh.clinic\/en\/news\/26-avril-2015-seisme-au-nepal\/\",\"name\":\"26 AVRIL 2015 - S\u00c9ISME AU N\u00c9PAL - Nepal Mountain Mobile Hospital\",\"isPartOf\":{\"@id\":\"https:\/\/nmmh.clinic\/en\/#website\"},\"datePublished\":\"2023-06-30T09:07:35+00:00\",\"dateModified\":\"2023-10-20T13:40:38+00:00\",\"breadcrumb\":{\"@id\":\"https:\/\/nmmh.clinic\/en\/news\/26-avril-2015-seisme-au-nepal\/#breadcrumb\"},\"inLanguage\":\"en-US\",\"potentialAction\":[{\"@type\":\"ReadAction\",\"target\":[\"https:\/\/nmmh.clinic\/en\/news\/26-avril-2015-seisme-au-nepal\/\"]}]},{\"@type\":\"BreadcrumbList\",\"@id\":\"https:\/\/nmmh.clinic\/en\/news\/26-avril-2015-seisme-au-nepal\/#breadcrumb\",\"itemListElement\":[{\"@type\":\"ListItem\",\"position\":1,\"name\":\"Home\",\"item\":\"https:\/\/nmmh.clinic\/en\/\"},{\"@type\":\"ListItem\",\"position\":2,\"name\":\"26 AVRIL 2015 &#8211; S\u00c9ISME AU N\u00c9PAL\"}]},{\"@type\":\"WebSite\",\"@id\":\"https:\/\/nmmh.clinic\/en\/#website\",\"url\":\"https:\/\/nmmh.clinic\/en\/\",\"name\":\"Nepal Mountain Mobile Hospital\",\"description\":\"\",\"publisher\":{\"@id\":\"https:\/\/nmmh.clinic\/en\/#organization\"},\"potentialAction\":[{\"@type\":\"SearchAction\",\"target\":{\"@type\":\"EntryPoint\",\"urlTemplate\":\"https:\/\/nmmh.clinic\/en\/?s={search_term_string}\"},\"query-input\":{\"@type\":\"PropertyValueSpecification\",\"valueRequired\":true,\"valueName\":\"search_term_string\"}}],\"inLanguage\":\"en-US\"},{\"@type\":\"Organization\",\"@id\":\"https:\/\/nmmh.clinic\/en\/#organization\",\"name\":\"N\u00e9pal Mountain Mobile Hospital\",\"url\":\"https:\/\/nmmh.clinic\/en\/\",\"logo\":{\"@type\":\"ImageObject\",\"inLanguage\":\"en-US\",\"@id\":\"https:\/\/nmmh.clinic\/en\/#\/schema\/logo\/image\/\",\"url\":\"https:\/\/nmmh.clinic\/wp-content\/uploads\/2023\/06\/nmmh_logo.svg\",\"contentUrl\":\"https:\/\/nmmh.clinic\/wp-content\/uploads\/2023\/06\/nmmh_logo.svg\",\"width\":1,\"height\":1,\"caption\":\"N\u00e9pal Mountain Mobile Hospital\"},\"image\":{\"@id\":\"https:\/\/nmmh.clinic\/en\/#\/schema\/logo\/image\/\"}},{\"@type\":\"Person\",\"@id\":\"https:\/\/nmmh.clinic\/en\/#\/schema\/person\/29f83a4289e2521ac7c096a28f980ea0\",\"name\":\"digvis\",\"image\":{\"@type\":\"ImageObject\",\"inLanguage\":\"en-US\",\"@id\":\"https:\/\/nmmh.clinic\/en\/#\/schema\/person\/image\/\",\"url\":\"https:\/\/secure.gravatar.com\/avatar\/2c46051deb97a40a8fb341b522acb63fdbcd6ca350a2c90501d6921f71cd542a?s=96&d=mm&r=g\",\"contentUrl\":\"https:\/\/secure.gravatar.com\/avatar\/2c46051deb97a40a8fb341b522acb63fdbcd6ca350a2c90501d6921f71cd542a?s=96&d=mm&r=g\",\"caption\":\"digvis\"},\"sameAs\":[\"https:\/\/nmmh.clinic\"]}]}<\/script>\n<!-- \/ Yoast SEO plugin. -->","yoast_head_json":{"title":"26 AVRIL 2015 - S\u00c9ISME AU N\u00c9PAL - Nepal Mountain Mobile Hospital","robots":{"index":"index","follow":"follow","max-snippet":"max-snippet:-1","max-image-preview":"max-image-preview:large","max-video-preview":"max-video-preview:-1"},"canonical":"https:\/\/nmmh.clinic\/en\/news\/26-avril-2015-seisme-au-nepal\/","og_locale":"en_US","og_type":"article","og_title":"26 AVRIL 2015 - S\u00c9ISME AU N\u00c9PAL - Nepal Mountain Mobile Hospital","og_description":"Rentr\u00e9 du N\u00e9pal le 21 avril, je suis pr\u00eat \u00e0 repartir d\u00e8s que la situation sera plus claire, dans le but d\u2019atteindre ces r\u00e9gions recul\u00e9es o\u00f9 la demande de soins sera \u00e9norme. Je vous sollicite vivement \u00e0 faire un don.","og_url":"https:\/\/nmmh.clinic\/en\/news\/26-avril-2015-seisme-au-nepal\/","og_site_name":"Nepal Mountain Mobile Hospital","article_published_time":"2023-06-30T09:07:35+00:00","article_modified_time":"2023-10-20T13:40:38+00:00","author":"digvis","twitter_card":"summary_large_image","twitter_misc":{"Written by":"digvis","Est. reading time":"1 minute"},"schema":{"@context":"https:\/\/schema.org","@graph":[{"@type":"Article","@id":"https:\/\/nmmh.clinic\/en\/news\/26-avril-2015-seisme-au-nepal\/#article","isPartOf":{"@id":"https:\/\/nmmh.clinic\/en\/news\/26-avril-2015-seisme-au-nepal\/"},"author":{"name":"digvis","@id":"https:\/\/nmmh.clinic\/en\/#\/schema\/person\/29f83a4289e2521ac7c096a28f980ea0"},"headline":"26 AVRIL 2015 &#8211; S\u00c9ISME AU N\u00c9PAL","datePublished":"2023-06-30T09:07:35+00:00","dateModified":"2023-10-20T13:40:38+00:00","mainEntityOfPage":{"@id":"https:\/\/nmmh.clinic\/en\/news\/26-avril-2015-seisme-au-nepal\/"},"wordCount":50,"publisher":{"@id":"https:\/\/nmmh.clinic\/en\/#organization"},"articleSection":["Mobile hospital"],"inLanguage":"en-US"},{"@type":"WebPage","@id":"https:\/\/nmmh.clinic\/en\/news\/26-avril-2015-seisme-au-nepal\/","url":"https:\/\/nmmh.clinic\/en\/news\/26-avril-2015-seisme-au-nepal\/","name":"26 AVRIL 2015 - S\u00c9ISME AU N\u00c9PAL - Nepal Mountain Mobile Hospital","isPartOf":{"@id":"https:\/\/nmmh.clinic\/en\/#website"},"datePublished":"2023-06-30T09:07:35+00:00","dateModified":"2023-10-20T13:40:38+00:00","breadcrumb":{"@id":"https:\/\/nmmh.clinic\/en\/news\/26-avril-2015-seisme-au-nepal\/#breadcrumb"},"inLanguage":"en-US","potentialAction":[{"@type":"ReadAction","target":["https:\/\/nmmh.clinic\/en\/news\/26-avril-2015-seisme-au-nepal\/"]}]},{"@type":"BreadcrumbList","@id":"https:\/\/nmmh.clinic\/en\/news\/26-avril-2015-seisme-au-nepal\/#breadcrumb","itemListElement":[{"@type":"ListItem","position":1,"name":"Home","item":"https:\/\/nmmh.clinic\/en\/"},{"@type":"ListItem","position":2,"name":"26 AVRIL 2015 &#8211; S\u00c9ISME AU N\u00c9PAL"}]},{"@type":"WebSite","@id":"https:\/\/nmmh.clinic\/en\/#website","url":"https:\/\/nmmh.clinic\/en\/","name":"Nepal Mountain Mobile Hospital","description":"","publisher":{"@id":"https:\/\/nmmh.clinic\/en\/#organization"},"potentialAction":[{"@type":"SearchAction","target":{"@type":"EntryPoint","urlTemplate":"https:\/\/nmmh.clinic\/en\/?s={search_term_string}"},"query-input":{"@type":"PropertyValueSpecification","valueRequired":true,"valueName":"search_term_string"}}],"inLanguage":"en-US"},{"@type":"Organization","@id":"https:\/\/nmmh.clinic\/en\/#organization","name":"N\u00e9pal Mountain Mobile Hospital","url":"https:\/\/nmmh.clinic\/en\/","logo":{"@type":"ImageObject","inLanguage":"en-US","@id":"https:\/\/nmmh.clinic\/en\/#\/schema\/logo\/image\/","url":"https:\/\/nmmh.clinic\/wp-content\/uploads\/2023\/06\/nmmh_logo.svg","contentUrl":"https:\/\/nmmh.clinic\/wp-content\/uploads\/2023\/06\/nmmh_logo.svg","width":1,"height":1,"caption":"N\u00e9pal Mountain Mobile Hospital"},"image":{"@id":"https:\/\/nmmh.clinic\/en\/#\/schema\/logo\/image\/"}},{"@type":"Person","@id":"https:\/\/nmmh.clinic\/en\/#\/schema\/person\/29f83a4289e2521ac7c096a28f980ea0","name":"digvis","image":{"@type":"ImageObject","inLanguage":"en-US","@id":"https:\/\/nmmh.clinic\/en\/#\/schema\/person\/image\/","url":"https:\/\/secure.gravatar.com\/avatar\/2c46051deb97a40a8fb341b522acb63fdbcd6ca350a2c90501d6921f71cd542a?s=96&d=mm&r=g","contentUrl":"https:\/\/secure.gravatar.com\/avatar\/2c46051deb97a40a8fb341b522acb63fdbcd6ca350a2c90501d6921f71cd542a?s=96&d=mm&r=g","caption":"digvis"},"sameAs":["https:\/\/nmmh.clinic"]}]}},"_links":{"self":[{"href":"https:\/\/nmmh.clinic\/en\/wp-json\/wp\/v2\/posts\/3905","targetHints":{"allow":["GET"]}}],"collection":[{"href":"https:\/\/nmmh.clinic\/en\/wp-json\/wp\/v2\/posts"}],"about":[{"href":"https:\/\/nmmh.clinic\/en\/wp-json\/wp\/v2\/types\/post"}],"author":[{"embeddable":true,"href":"https:\/\/nmmh.clinic\/en\/wp-json\/wp\/v2\/users\/1"}],"replies":[{"embeddable":true,"href":"https:\/\/nmmh.clinic\/en\/wp-json\/wp\/v2\/comments?post=3905"}],"version-history":[{"count":2,"href":"https:\/\/nmmh.clinic\/en\/wp-json\/wp\/v2\/posts\/3905\/revisions"}],"predecessor-version":[{"id":4305,"href":"https:\/\/nmmh.clinic\/en\/wp-json\/wp\/v2\/posts\/3905\/revisions\/4305"}],"wp:attachment":[{"href":"https:\/\/nmmh.clinic\/en\/wp-json\/wp\/v2\/media?parent=3905"}],"wp:term":[{"taxonomy":"category","embeddable":true,"href":"https:\/\/nmmh.clinic\/en\/wp-json\/wp\/v2\/categories?post=3905"},{"taxonomy":"post_tag","embeddable":true,"href":"https:\/\/nmmh.clinic\/en\/wp-json\/wp\/v2\/tags?post=3905"}],"curies":[{"name":"wp","href":"https:\/\/api.w.org\/{rel}","templated":true}]}}